{"id":6988,"date":"2020-12-14T08:00:04","date_gmt":"2020-12-14T07:00:04","guid":{"rendered":"http:\/\/fratersajolad.hu\/?p=6988"},"modified":"2021-01-02T03:06:44","modified_gmt":"2021-01-02T02:06:44","slug":"gardonyi-geza-megyei-prozamondo-verseny","status":"publish","type":"post","link":"https:\/\/fratersajolad.hu\/?p=6988","title":{"rendered":"G\u00e1rdonyi G\u00e9za megyei pr\u00f3zamond\u00f3 verseny"},"content":{"rendered":"<div>Iskol\u00e1nk tanul\u00f3i a G\u00e1rdonyi G\u00e9za megyei pr\u00f3zamond\u00f3 versenyen k\u00fcl\u00f6nd\u00edjban r\u00e9szes\u00fcltek.<\/div>\n<div>Gratul\u00e1lunk B\u00e1rdos \u00c1ron 3. a oszt\u00e1lyos tanul\u00f3nak, kinek felk\u00e9sz\u00edt\u0151 tan\u00e1ra Dobosn\u00e9 Spirny\u00e1k Erzs\u00e9bet volt.<\/div>\n<div>Gratul\u00e1lunk tov\u00e1bb\u00e1 B\u00e1rdos Barbara \u00e9s Polg\u00e1ri Laura 7.a oszt\u00e1lyos tanul\u00f3knak akiket Pincz\u00e9s Be\u00e1ta tan\u00e1rn\u0151 k\u00e9sz\u00edtett fel.<\/div>\n<p><!--more--><\/p>\n<div>\n<p>A gyerekek \u00e1ltal vide\u00f3ra mondott pr\u00f3z\u00e1kat al\u00e1bb n\u00e9zhetik meg.<\/p>\n<p><a href=\"https:\/\/drive.google.com\/file\/d\/1W06P72QBF2dTG8AlYhsN4pqWQDk-7dnG\/view\">https:\/\/drive.google.com\/file\/d\/1W06P72QBF2dTG8AlYhsN4pqWQDk-7dnG\/view<\/a><\/p>\n<p><a href=\"https:\/\/drive.google.com\/file\/d\/1rpIWzqA9q3R5QQgouLfIyeHorGP2C7WW\/view\">https:\/\/drive.google.com\/file\/d\/1rpIWzqA9q3R5QQgouLfIyeHorGP2C7WW\/view<\/a><\/p>\n<\/div>\n","protected":false},"excerpt":{"rendered":"<p>Iskol\u00e1nk tanul\u00f3i a G\u00e1rdonyi G\u00e9za megyei pr\u00f3zamond\u00f3 versenyen k\u00fcl\u00f6nd\u00edjban r\u00e9szes\u00fcltek. Gratul\u00e1lunk B\u00e1rdos \u00c1ron 3. a oszt\u00e1lyos tanul\u00f3nak, kinek felk\u00e9sz\u00edt\u0151 tan\u00e1ra Dobosn\u00e9 Spirny\u00e1k Erzs\u00e9bet volt. Gratul\u00e1lunk tov\u00e1bb\u00e1 B\u00e1rdos Barbara \u00e9s Polg\u00e1ri Laura 7.a oszt\u00e1lyos tanul\u00f3knak akiket Pincz\u00e9s Be\u00e1ta tan\u00e1rn\u0151 k\u00e9sz\u00edtett fel.<\/p>\n","protected":false},"author":2,"featured_media":0,"comment_status":"closed","ping_status":"closed","sticky":false,"template":"","format":"standard","meta":{"footnotes":""},"categories":[1],"tags":[],"class_list":["post-6988","post","type-post","status-publish","format-standard","hentry","category-egyeb"],"_links":{"self":[{"href":"https:\/\/fratersajolad.hu\/index.php?rest_route=\/wp\/v2\/posts\/6988","targetHints":{"allow":["GET"]}}],"collection":[{"href":"https:\/\/fratersajolad.hu\/index.php?rest_route=\/wp\/v2\/posts"}],"about":[{"href":"https:\/\/fratersajolad.hu\/index.php?rest_route=\/wp\/v2\/types\/post"}],"author":[{"embeddable":true,"href":"https:\/\/fratersajolad.hu\/index.php?rest_route=\/wp\/v2\/users\/2"}],"replies":[{"embeddable":true,"href":"https:\/\/fratersajolad.hu\/index.php?rest_route=%2Fwp%2Fv2%2Fcomments&post=6988"}],"version-history":[{"count":4,"href":"https:\/\/fratersajolad.hu\/index.php?rest_route=\/wp\/v2\/posts\/6988\/revisions"}],"predecessor-version":[{"id":7006,"href":"https:\/\/fratersajolad.hu\/index.php?rest_route=\/wp\/v2\/posts\/6988\/revisions\/7006"}],"wp:attachment":[{"href":"https:\/\/fratersajolad.hu\/index.php?rest_route=%2Fwp%2Fv2%2Fmedia&parent=6988"}],"wp:term":[{"taxonomy":"category","embeddable":true,"href":"https:\/\/fratersajolad.hu\/index.php?rest_route=%2Fwp%2Fv2%2Fcategories&post=6988"},{"taxonomy":"post_tag","embeddable":true,"href":"https:\/\/fratersajolad.hu\/index.php?rest_route=%2Fwp%2Fv2%2Ftags&post=6988"}],"curies":[{"name":"wp","href":"https:\/\/api.w.org\/{rel}","templated":true}]}}