{"id":11043,"date":"2026-08-28T10:00:00","date_gmt":"2026-08-28T08:00:00","guid":{"rendered":"https:\/\/fratersajolad.hu\/?p=11043"},"modified":"2026-09-03T16:50:35","modified_gmt":"2026-09-03T14:50:35","slug":"aldott-lagy-uram","status":"publish","type":"post","link":"https:\/\/fratersajolad.hu\/?p=11043","title":{"rendered":"\u00c1ldott l\u00e1gy, Uram!"},"content":{"rendered":"\n<p class=\"wp-block-paragraph\">\u201e\u00c1LDOTT L\u00c9GY, URAM\u201d \u2013 Assisi Szent Ferenc eml\u00e9k\u00e9v\u00e9ben a term\u00e9szet k\u00f6zels\u00e9g\u00e9ben tartottuk tantest\u00fcleti lelkinapunkat.<\/p>\n\n\n\n<!--more-->\n\n\n\n<p class=\"wp-block-paragraph\">Ft. Varga B\u00e9la el\u0151ad\u00e1s\u00e1b\u00f3l megismert\u00fck Szent Ferenc \u00e9let\u00fatj\u00e1t, a teremtett vil\u00e1ggal val\u00f3 kapcsolat\u00e1t.<\/p>\n\n\n\n<p class=\"wp-block-paragraph\">Szent Ferenc \u2013 h\u0171en a Szent\u00edr\u00e1shoz \u2013 azt javasolja, hogy a term\u00e9szetet olyan ragyog\u00f3 k\u00f6nyvnek tartsuk, amelyen kereszt\u00fcl Isten besz\u00e9l hozz\u00e1nk, az \u0151 sz\u00e9ps\u00e9g\u00e9b\u0151l \u00e9s j\u00f3s\u00e1g\u00e1b\u00f3l t\u00fckr\u00f6z vissza nek\u00fcnk valamit.<\/p>\n\n\n\n<p class=\"wp-block-paragraph\">Ennek szellem\u00e9ben rendhagy\u00f3 m\u00f3don szabadt\u00e9ri szentmis\u00e9n vett\u00fcnk r\u00e9szt. A j\u00f3 hangulatban elfogyasztott finom eb\u00e9d ut\u00e1n &#8211; m\u00e1r t\u00e1voz\u00f3ban a farmr\u00f3l \u2013 els\u00e9t\u00e1ltunk a b\u00e9k\u00e9sen legel\u00e9sz\u0151 lovak mellet, visszapillantottunk a t\u00f3 szikr\u00e1z\u00f3 viz\u00e9re, a h\u0151s\u00e9gben \u00e1rny\u00e9kot ad\u00f3 fasorra\u2026,<\/p>\n\n\n\n<p class=\"wp-block-paragraph\">\u00e9s h\u00e1latelt sz\u00edvvel folytattuk Szent Ferenc himnusz\u00e1t:<\/p>\n\n\n\n<p class=\"wp-block-paragraph\">\u201e\u00c1ldott l\u00e9gy, Uram, \u00e9s minden alkot\u00e1sod.\u201d<\/p>\n\n\n\n<figure class=\"wp-block-embed aligncenter is-type-rich is-provider-flickr wp-block-embed-flickr\"><div class=\"wp-block-embed__wrapper\">\n<a data-flickr-embed='true' href='https:\/\/www.flickr.com\/photos\/145812412@N05\/albums\/72177720335461824\/' title='2026.08.28_\u00c1ldott l\u00e1gy, Uram! by sulifr\u00e1ter, on Flickr'><img src='https:\/\/live.staticflickr.com\/65535\/55504819762_a2e04a065a_c.jpg' width='800' height='600' alt='07'><\/a><script async src='https:\/\/embedr.flickr.com\/assets\/client-code.js' charset='utf-8'><\/script>\n<\/div><\/figure>\n","protected":false},"excerpt":{"rendered":"<p>\u201e\u00c1LDOTT L\u00c9GY, URAM\u201d \u2013 Assisi Szent Ferenc eml\u00e9k\u00e9v\u00e9ben a term\u00e9szet k\u00f6zels\u00e9g\u00e9ben tartottuk tantest\u00fcleti lelkinapunkat.<\/p>\n","protected":false},"author":2,"featured_media":11044,"comment_status":"closed","ping_status":"closed","sticky":false,"template":"","format":"standard","meta":{"footnotes":""},"categories":[1],"tags":[],"class_list":["post-11043","post","type-post","status-publish","format-standard","has-post-thumbnail","hentry","category-egyeb"],"_links":{"self":[{"href":"https:\/\/fratersajolad.hu\/index.php?rest_route=\/wp\/v2\/posts\/11043","targetHints":{"allow":["GET"]}}],"collection":[{"href":"https:\/\/fratersajolad.hu\/index.php?rest_route=\/wp\/v2\/posts"}],"about":[{"href":"https:\/\/fratersajolad.hu\/index.php?rest_route=\/wp\/v2\/types\/post"}],"author":[{"embeddable":true,"href":"https:\/\/fratersajolad.hu\/index.php?rest_route=\/wp\/v2\/users\/2"}],"replies":[{"embeddable":true,"href":"https:\/\/fratersajolad.hu\/index.php?rest_route=%2Fwp%2Fv2%2Fcomments&post=11043"}],"version-history":[{"count":2,"href":"https:\/\/fratersajolad.hu\/index.php?rest_route=\/wp\/v2\/posts\/11043\/revisions"}],"predecessor-version":[{"id":11054,"href":"https:\/\/fratersajolad.hu\/index.php?rest_route=\/wp\/v2\/posts\/11043\/revisions\/11054"}],"wp:featuredmedia":[{"embeddable":true,"href":"https:\/\/fratersajolad.hu\/index.php?rest_route=\/wp\/v2\/media\/11044"}],"wp:attachment":[{"href":"https:\/\/fratersajolad.hu\/index.php?rest_route=%2Fwp%2Fv2%2Fmedia&parent=11043"}],"wp:term":[{"taxonomy":"category","embeddable":true,"href":"https:\/\/fratersajolad.hu\/index.php?rest_route=%2Fwp%2Fv2%2Fcategories&post=11043"},{"taxonomy":"post_tag","embeddable":true,"href":"https:\/\/fratersajolad.hu\/index.php?rest_route=%2Fwp%2Fv2%2Ftags&post=11043"}],"curies":[{"name":"wp","href":"https:\/\/api.w.org\/{rel}","templated":true}]}}