{"id":9062,"date":"2024-02-23T11:00:00","date_gmt":"2024-02-23T10:00:00","guid":{"rendered":"https:\/\/fratersajolad.hu\/?p=9062"},"modified":"2024-02-23T17:52:59","modified_gmt":"2024-02-23T16:52:59","slug":"elmenysuli-az-iskolaban","status":"publish","type":"post","link":"http:\/\/fratersajolad.hu\/?p=9062","title":{"rendered":"\u00c9lm\u00e9nysuli az iskol\u00e1ban"},"content":{"rendered":"\n<p>\u00c9lm\u00e9nysulis bels\u0151 szakmai tov\u00e1bbk\u00e9pz\u00e9st tartottunk iskol\u00e1nkban.<\/p>\n\n\n\n<p><\/p>\n\n\n\n<p>A foglalkoz\u00e1sokat vezett\u00e9k:<\/p>\n\n\n\n<p>Csornin\u00e9 Viszlai M\u00f3nika<\/p>\n\n\n\n<p><a><\/a>Ficsor M\u00e1rtonn\u00e9<\/p>\n\n\n\n<p>Sz\u00e9n\u00e1sin\u00e9 Kov\u00e1cs Andrea<\/p>\n\n\n\n<p>Szendrein\u00e9 Millner M\u00f3nika<\/p>\n\n\n\n<p><\/p>\n\n\n\n                    <div class=\"flicgal-gallery-wrapper gallery-9061\">\n                                                    <h3 class=\"flicgal-title\"><\/h3>\n                                                <div class=\"flicgal-gallery-container-wrapper\">\n                            <div class=\"flicgal-spinner-wrapper\">\n                                <div class=\"flicgal-loading-img\"><img decoding=\"async\" src=\"http:\/\/fratersajolad.hu\/wp-content\/plugins\/flickr-album-gallery\/img\/loading.gif\" \/><\/div>\n                            <\/div>\n                            <div class=\"flicgal-gallery-container\"><\/div>\n                        <\/div>\n                        <!-- Blueimp gallery -->\n                        <div id=\"blueimp-gallery-9061\" class=\"blueimp-gallery blueimp-gallery-controls\">\n                            <div class=\"slides\"><\/div>\n                            <h3 class=\"title\"><\/h3>\n                            <a class=\"prev\"><\/a>\n                            <a class=\"next\"><\/a>\n                            <a class=\"close\"><\/a>\n                            <a class=\"play-pause\"><\/a>\n                            <ol class=\"indicator\"><\/ol>\n                        <\/div>\n                    <\/div>\n                    \n            \n","protected":false},"excerpt":{"rendered":"<p>\u00c9lm\u00e9nysulis bels\u0151 szakmai tov\u00e1bbk\u00e9pz\u00e9st tartottunk iskol\u00e1nkban. A foglalkoz\u00e1sokat vezett\u00e9k: Csornin\u00e9 Viszlai M\u00f3nika Ficsor M\u00e1rtonn\u00e9 Sz\u00e9n\u00e1sin\u00e9 Kov\u00e1cs Andrea Szendrein\u00e9 Millner M\u00f3nika<\/p>\n","protected":false},"author":2,"featured_media":9063,"comment_status":"closed","ping_status":"closed","sticky":false,"template":"","format":"standard","meta":{"footnotes":""},"categories":[1],"tags":[],"class_list":["post-9062","post","type-post","status-publish","format-standard","has-post-thumbnail","hentry","category-egyeb"],"_links":{"self":[{"href":"http:\/\/fratersajolad.hu\/index.php?rest_route=\/wp\/v2\/posts\/9062","targetHints":{"allow":["GET"]}}],"collection":[{"href":"http:\/\/fratersajolad.hu\/index.php?rest_route=\/wp\/v2\/posts"}],"about":[{"href":"http:\/\/fratersajolad.hu\/index.php?rest_route=\/wp\/v2\/types\/post"}],"author":[{"embeddable":true,"href":"http:\/\/fratersajolad.hu\/index.php?rest_route=\/wp\/v2\/users\/2"}],"replies":[{"embeddable":true,"href":"http:\/\/fratersajolad.hu\/index.php?rest_route=%2Fwp%2Fv2%2Fcomments&post=9062"}],"version-history":[{"count":1,"href":"http:\/\/fratersajolad.hu\/index.php?rest_route=\/wp\/v2\/posts\/9062\/revisions"}],"predecessor-version":[{"id":9064,"href":"http:\/\/fratersajolad.hu\/index.php?rest_route=\/wp\/v2\/posts\/9062\/revisions\/9064"}],"wp:featuredmedia":[{"embeddable":true,"href":"http:\/\/fratersajolad.hu\/index.php?rest_route=\/wp\/v2\/media\/9063"}],"wp:attachment":[{"href":"http:\/\/fratersajolad.hu\/index.php?rest_route=%2Fwp%2Fv2%2Fmedia&parent=9062"}],"wp:term":[{"taxonomy":"category","embeddable":true,"href":"http:\/\/fratersajolad.hu\/index.php?rest_route=%2Fwp%2Fv2%2Fcategories&post=9062"},{"taxonomy":"post_tag","embeddable":true,"href":"http:\/\/fratersajolad.hu\/index.php?rest_route=%2Fwp%2Fv2%2Ftags&post=9062"}],"curies":[{"name":"wp","href":"https:\/\/api.w.org\/{rel}","templated":true}]}}