{"id":9047,"date":"2024-02-14T09:00:00","date_gmt":"2024-02-14T08:00:00","guid":{"rendered":"https:\/\/fratersajolad.hu\/?p=9047"},"modified":"2024-02-14T20:38:54","modified_gmt":"2024-02-14T19:38:54","slug":"hamvazoszerdai-szentgyonas","status":"publish","type":"post","link":"http:\/\/fratersajolad.hu\/?p=9047","title":{"rendered":"Hamvaz\u00f3szerdai szentgy\u00f3n\u00e1s"},"content":{"rendered":"\n<p>Hamvaz\u00f3szerd\u00e1val kezd\u0151dik egy \u00faj egyh\u00e1zi id\u0151szak. Ft. Varga B\u00e9la aty\u00e1t\u00f3l lehet\u0151s\u00e9get kaptunk, hogy elv\u00e9gezhess\u00fck a szentgy\u00f3n\u00e1st.<\/p>\n\n\n\n<!--more-->\n\n\n\n<p>Majd \u00fcnnepi szentmis\u00e9vel l\u00e9phett\u00fcnk a nagyb\u00f6jti id\u0151szakba.<\/p>\n\n\n\n<p>Nagyb\u00f6jti dekor\u00e1ci\u00f3nk is seg\u00edt, hogy J\u00e9zusra figyelj\u00fcnk. Testben \u00e9s l\u00e9lekben is egy\u00fctt l\u00e9pdelj\u00fcnk a H\u00fasv\u00e9t fel\u00e9.<\/p>\n\n\n\n                    <div class=\"flicgal-gallery-wrapper gallery-9046\">\n                                                    <h3 class=\"flicgal-title\"><\/h3>\n                                                <div class=\"flicgal-gallery-container-wrapper\">\n                            <div class=\"flicgal-spinner-wrapper\">\n                                <div class=\"flicgal-loading-img\"><img decoding=\"async\" src=\"http:\/\/fratersajolad.hu\/wp-content\/plugins\/flickr-album-gallery\/img\/loading.gif\" \/><\/div>\n                            <\/div>\n                            <div class=\"flicgal-gallery-container\"><\/div>\n                        <\/div>\n                        <!-- Blueimp gallery -->\n                        <div id=\"blueimp-gallery-9046\" class=\"blueimp-gallery blueimp-gallery-controls\">\n                            <div class=\"slides\"><\/div>\n                            <h3 class=\"title\"><\/h3>\n                            <a class=\"prev\"><\/a>\n                            <a class=\"next\"><\/a>\n                            <a class=\"close\"><\/a>\n                            <a class=\"play-pause\"><\/a>\n                            <ol class=\"indicator\"><\/ol>\n                        <\/div>\n                    <\/div>\n                    \n            \n","protected":false},"excerpt":{"rendered":"<p>Hamvaz\u00f3szerd\u00e1val kezd\u0151dik egy \u00faj egyh\u00e1zi id\u0151szak. Ft. Varga B\u00e9la aty\u00e1t\u00f3l lehet\u0151s\u00e9get kaptunk, hogy elv\u00e9gezhess\u00fck a szentgy\u00f3n\u00e1st.<\/p>\n","protected":false},"author":2,"featured_media":9048,"comment_status":"closed","ping_status":"closed","sticky":false,"template":"","format":"standard","meta":{"footnotes":""},"categories":[1],"tags":[],"class_list":["post-9047","post","type-post","status-publish","format-standard","has-post-thumbnail","hentry","category-egyeb"],"_links":{"self":[{"href":"http:\/\/fratersajolad.hu\/index.php?rest_route=\/wp\/v2\/posts\/9047","targetHints":{"allow":["GET"]}}],"collection":[{"href":"http:\/\/fratersajolad.hu\/index.php?rest_route=\/wp\/v2\/posts"}],"about":[{"href":"http:\/\/fratersajolad.hu\/index.php?rest_route=\/wp\/v2\/types\/post"}],"author":[{"embeddable":true,"href":"http:\/\/fratersajolad.hu\/index.php?rest_route=\/wp\/v2\/users\/2"}],"replies":[{"embeddable":true,"href":"http:\/\/fratersajolad.hu\/index.php?rest_route=%2Fwp%2Fv2%2Fcomments&post=9047"}],"version-history":[{"count":2,"href":"http:\/\/fratersajolad.hu\/index.php?rest_route=\/wp\/v2\/posts\/9047\/revisions"}],"predecessor-version":[{"id":9051,"href":"http:\/\/fratersajolad.hu\/index.php?rest_route=\/wp\/v2\/posts\/9047\/revisions\/9051"}],"wp:featuredmedia":[{"embeddable":true,"href":"http:\/\/fratersajolad.hu\/index.php?rest_route=\/wp\/v2\/media\/9048"}],"wp:attachment":[{"href":"http:\/\/fratersajolad.hu\/index.php?rest_route=%2Fwp%2Fv2%2Fmedia&parent=9047"}],"wp:term":[{"taxonomy":"category","embeddable":true,"href":"http:\/\/fratersajolad.hu\/index.php?rest_route=%2Fwp%2Fv2%2Fcategories&post=9047"},{"taxonomy":"post_tag","embeddable":true,"href":"http:\/\/fratersajolad.hu\/index.php?rest_route=%2Fwp%2Fv2%2Ftags&post=9047"}],"curies":[{"name":"wp","href":"https:\/\/api.w.org\/{rel}","templated":true}]}}