{"id":10885,"date":"2026-04-27T10:00:00","date_gmt":"2026-04-27T08:00:00","guid":{"rendered":"https:\/\/fratersajolad.hu\/?p=10885"},"modified":"2026-04-27T21:11:11","modified_gmt":"2026-04-27T19:11:11","slug":"szent-gyorgy-napi-forgatag","status":"publish","type":"post","link":"http:\/\/fratersajolad.hu\/?p=10885","title":{"rendered":"Szent Gy\u00f6rgy napi forgatag"},"content":{"rendered":"\n<p>Iskol\u00e1nk tanul\u00f3i sz\u00ednvonalasan szerepeltek a 2026.04.25-\u00e9n Saj\u00f3l\u00e1don a Szent Gy\u00f6rgy napi forgatagon.<\/p>\n\n\n\n<!--more-->\n\n\n\n<p>A 2.a oszt\u00e1lyos tanul\u00f3ink Szent Gy\u00f6rgy \u00e9s a s\u00e1rk\u00e1ny legend\u00e1j\u00e1t adt\u00e1k el\u0151, n\u00e9pt\u00e1ncosaink szatm\u00e1ri t\u00e1ncokat mutattak be.<\/p>\n\n\n\n<p>Gratul\u00e1lunk fell\u00e9p\u0151 tanul\u00f3inknak \u00e9s az \u0151ket felk\u00e9sz\u00edt\u0151 koll\u00e9g\u00e1inknak, Juh\u00e1sz Vir\u00e1gnak \u00e9s Farkas Attil\u00e1nak!<\/p>\n\n\n\n<figure class=\"wp-block-embed aligncenter is-type-rich is-provider-flickr wp-block-embed-flickr\"><div class=\"wp-block-embed__wrapper\">\n<a data-flickr-embed='true' href='https:\/\/www.flickr.com\/photos\/145812412@N05\/albums\/72177720333339226\/' title='2026.04.27_Szent Gy\u00f6rgy napi forgatag by sulifr\u00e1ter, on Flickr'><img src='https:\/\/live.staticflickr.com\/65535\/55234560126_8dfbd70699_c.jpg' width='800' height='600' alt='09'><\/a><script async src='https:\/\/embedr.flickr.com\/assets\/client-code.js' charset='utf-8'><\/script>\n<\/div><\/figure>\n","protected":false},"excerpt":{"rendered":"<p>Iskol\u00e1nk tanul\u00f3i sz\u00ednvonalasan szerepeltek a 2026.04.25-\u00e9n Saj\u00f3l\u00e1don a Szent Gy\u00f6rgy napi forgatagon.<\/p>\n","protected":false},"author":2,"featured_media":10886,"comment_status":"closed","ping_status":"closed","sticky":false,"template":"","format":"standard","meta":{"footnotes":""},"categories":[1],"tags":[],"class_list":["post-10885","post","type-post","status-publish","format-standard","has-post-thumbnail","hentry","category-egyeb"],"_links":{"self":[{"href":"http:\/\/fratersajolad.hu\/index.php?rest_route=\/wp\/v2\/posts\/10885","targetHints":{"allow":["GET"]}}],"collection":[{"href":"http:\/\/fratersajolad.hu\/index.php?rest_route=\/wp\/v2\/posts"}],"about":[{"href":"http:\/\/fratersajolad.hu\/index.php?rest_route=\/wp\/v2\/types\/post"}],"author":[{"embeddable":true,"href":"http:\/\/fratersajolad.hu\/index.php?rest_route=\/wp\/v2\/users\/2"}],"replies":[{"embeddable":true,"href":"http:\/\/fratersajolad.hu\/index.php?rest_route=%2Fwp%2Fv2%2Fcomments&post=10885"}],"version-history":[{"count":1,"href":"http:\/\/fratersajolad.hu\/index.php?rest_route=\/wp\/v2\/posts\/10885\/revisions"}],"predecessor-version":[{"id":10887,"href":"http:\/\/fratersajolad.hu\/index.php?rest_route=\/wp\/v2\/posts\/10885\/revisions\/10887"}],"wp:featuredmedia":[{"embeddable":true,"href":"http:\/\/fratersajolad.hu\/index.php?rest_route=\/wp\/v2\/media\/10886"}],"wp:attachment":[{"href":"http:\/\/fratersajolad.hu\/index.php?rest_route=%2Fwp%2Fv2%2Fmedia&parent=10885"}],"wp:term":[{"taxonomy":"category","embeddable":true,"href":"http:\/\/fratersajolad.hu\/index.php?rest_route=%2Fwp%2Fv2%2Fcategories&post=10885"},{"taxonomy":"post_tag","embeddable":true,"href":"http:\/\/fratersajolad.hu\/index.php?rest_route=%2Fwp%2Fv2%2Ftags&post=10885"}],"curies":[{"name":"wp","href":"https:\/\/api.w.org\/{rel}","templated":true}]}}