{"id":10878,"date":"2026-04-27T10:00:00","date_gmt":"2026-04-27T08:00:00","guid":{"rendered":"https:\/\/fratersajolad.hu\/?p=10878"},"modified":"2026-04-27T13:46:53","modified_gmt":"2026-04-27T11:46:53","slug":"orokos-okoiskola","status":"publish","type":"post","link":"http:\/\/fratersajolad.hu\/?p=10878","title":{"rendered":"\u00d6r\u00f6k\u00f6s \u00d6koiskola"},"content":{"rendered":"\n<p>\u00d6r\u00f6k\u00f6s \u00d6koiskola c\u00edmet kapott int\u00e9zm\u00e9ny\u00fcnk<\/p>\n\n\n\n<!--more-->\n\n\n\n<p>A Fr\u00e1ter Gy\u00f6rgy Katolikus \u00c1ltal\u00e1nos Iskola \u00e9s Alapfok\u00fa M\u0171v\u00e9szeti Iskola elnyerte az <strong>\u00d6r\u00f6k\u00f6s \u00d6koiskola<\/strong> c\u00edmet. Az elismer\u00e9st a Bel\u00fcgyminiszt\u00e9rium \u00e9s az Energia\u00fcgyi Miniszt\u00e9rium adom\u00e1nyozta az int\u00e9zm\u00e9ny sz\u00e1m\u00e1ra.<\/p>\n\n\n\n<p>A c\u00edm azt jelzi, hogy iskol\u00e1nk hossz\u00fa t\u00e1von is elk\u00f6telezett a k\u00f6rnyezettudatos nevel\u00e9s, a fenntarthat\u00f3s\u00e1gra nevel\u00e9s \u00e9s a teremtett vil\u00e1g v\u00e9delme mellett. Az int\u00e9zm\u00e9ny 2026. szeptember 1-t\u0151l visszavon\u00e1sig jogosult az \u00d6r\u00f6k\u00f6s \u00d6koiskola c\u00edm \u00e9s log\u00f3 haszn\u00e1lat\u00e1ra.<\/p>\n\n\n\n<p>Az oklevelet 2026. \u00e1prilis 15-\u00e9n \u00e1ll\u00edtott\u00e1k ki Budapesten. Az elismer\u00e9s k\u00f6z\u00f6s siker: k\u00f6sz\u00f6nj\u00fck pedag\u00f3gusaink, di\u00e1kjaink, sz\u00fcl\u0151i k\u00f6z\u00f6ss\u00e9g\u00fcnk \u00e9s minden t\u00e1mogat\u00f3nk munk\u00e1j\u00e1t, akik hozz\u00e1j\u00e1rultak iskol\u00e1nk k\u00f6rnyezettudatos szeml\u00e9let\u00e9nek er\u0151s\u00edt\u00e9s\u00e9hez.<\/p>\n\n\n<div class=\"wp-block-image\">\n<figure class=\"aligncenter size-large\"><img fetchpriority=\"high\" decoding=\"async\" width=\"726\" height=\"1024\" src=\"http:\/\/fratersajolad.hu\/wp-content\/uploads\/2026\/04\/Orokos-okoiskola-2026-726x1024.jpg\" alt=\"\" class=\"wp-image-10877\" srcset=\"http:\/\/fratersajolad.hu\/wp-content\/uploads\/2026\/04\/Orokos-okoiskola-2026-726x1024.jpg 726w, http:\/\/fratersajolad.hu\/wp-content\/uploads\/2026\/04\/Orokos-okoiskola-2026-213x300.jpg 213w, http:\/\/fratersajolad.hu\/wp-content\/uploads\/2026\/04\/Orokos-okoiskola-2026.jpg 800w\" sizes=\"(max-width: 726px) 100vw, 726px\" \/><\/figure>\n<\/div>","protected":false},"excerpt":{"rendered":"<p>\u00d6r\u00f6k\u00f6s \u00d6koiskola c\u00edmet kapott int\u00e9zm\u00e9ny\u00fcnk<\/p>\n","protected":false},"author":2,"featured_media":10880,"comment_status":"closed","ping_status":"closed","sticky":false,"template":"","format":"standard","meta":{"footnotes":""},"categories":[1,196],"tags":[],"class_list":["post-10878","post","type-post","status-publish","format-standard","has-post-thumbnail","hentry","category-egyeb","category-okoiskola"],"_links":{"self":[{"href":"http:\/\/fratersajolad.hu\/index.php?rest_route=\/wp\/v2\/posts\/10878","targetHints":{"allow":["GET"]}}],"collection":[{"href":"http:\/\/fratersajolad.hu\/index.php?rest_route=\/wp\/v2\/posts"}],"about":[{"href":"http:\/\/fratersajolad.hu\/index.php?rest_route=\/wp\/v2\/types\/post"}],"author":[{"embeddable":true,"href":"http:\/\/fratersajolad.hu\/index.php?rest_route=\/wp\/v2\/users\/2"}],"replies":[{"embeddable":true,"href":"http:\/\/fratersajolad.hu\/index.php?rest_route=%2Fwp%2Fv2%2Fcomments&post=10878"}],"version-history":[{"count":1,"href":"http:\/\/fratersajolad.hu\/index.php?rest_route=\/wp\/v2\/posts\/10878\/revisions"}],"predecessor-version":[{"id":10881,"href":"http:\/\/fratersajolad.hu\/index.php?rest_route=\/wp\/v2\/posts\/10878\/revisions\/10881"}],"wp:featuredmedia":[{"embeddable":true,"href":"http:\/\/fratersajolad.hu\/index.php?rest_route=\/wp\/v2\/media\/10880"}],"wp:attachment":[{"href":"http:\/\/fratersajolad.hu\/index.php?rest_route=%2Fwp%2Fv2%2Fmedia&parent=10878"}],"wp:term":[{"taxonomy":"category","embeddable":true,"href":"http:\/\/fratersajolad.hu\/index.php?rest_route=%2Fwp%2Fv2%2Fcategories&post=10878"},{"taxonomy":"post_tag","embeddable":true,"href":"http:\/\/fratersajolad.hu\/index.php?rest_route=%2Fwp%2Fv2%2Ftags&post=10878"}],"curies":[{"name":"wp","href":"https:\/\/api.w.org\/{rel}","templated":true}]}}