{"id":10767,"date":"2026-03-06T10:00:00","date_gmt":"2026-03-06T09:00:00","guid":{"rendered":"https:\/\/fratersajolad.hu\/?p=10767"},"modified":"2026-03-10T23:59:14","modified_gmt":"2026-03-10T22:59:14","slug":"a-minimalis-energia-napja","status":"publish","type":"post","link":"http:\/\/fratersajolad.hu\/?p=10767","title":{"rendered":"A minim\u00e1lis energia napja"},"content":{"rendered":"\n<p>M\u00e1rcius 6. a minim\u00e1lis energia napja.<\/p>\n\n\n\n<!--more-->\n\n\n\n<p>Ezen a napon mell\u0151zt\u00fck az \u00f6sszes elektrotechnikai eszk\u00f6z haszn\u00e1lat\u00e1t iskol\u00e1nkban.<\/p>\n\n\n\n<p>A nulladik m\u00e9r\u0151napon \u00e9s p\u00e9nteken reggel \u00e9s este leolvastuk a villany\u00f3r\u00e1kat, \u00e9s m\u00e9rt\u00fck a kett\u0151 k\u00f6zti k\u00fcl\u00f6nbs\u00e9get. A t\u00e9m\u00e1val a tan\u00f3r\u00e1kon is foglalkoztunk.<\/p>\n\n\n\n<p>A kamp\u00e1ny sikeres volt, sp\u00f3roltunk az energi\u00e1val. Tanul\u00f3ink k\u00f6rnyezettudatos szeml\u00e9let\u00e9t ezzel is tov\u00e1bb tudtuk form\u00e1lni.<\/p>\n\n\n\n                    <div class=\"flicgal-gallery-wrapper gallery-10768\">\n                                                    <h3 class=\"flicgal-title\"><\/h3>\n                                                <div class=\"flicgal-gallery-container-wrapper\">\n                            <div class=\"flicgal-spinner-wrapper\">\n                                <div class=\"flicgal-loading-img\"><img decoding=\"async\" src=\"http:\/\/fratersajolad.hu\/wp-content\/plugins\/flickr-album-gallery\/img\/loading.gif\" \/><\/div>\n                            <\/div>\n                            <div class=\"flicgal-gallery-container\"><\/div>\n                        <\/div>\n                        <!-- Blueimp gallery -->\n                        <div id=\"blueimp-gallery-10768\" class=\"blueimp-gallery blueimp-gallery-controls\">\n                            <div class=\"slides\"><\/div>\n                            <h3 class=\"title\"><\/h3>\n                            <a class=\"prev\"><\/a>\n                            <a class=\"next\"><\/a>\n                            <a class=\"close\"><\/a>\n                            <a class=\"play-pause\"><\/a>\n                            <ol class=\"indicator\"><\/ol>\n                        <\/div>\n                    <\/div>\n                    \n            \n","protected":false},"excerpt":{"rendered":"<p>M\u00e1rcius 6. a minim\u00e1lis energia napja.<\/p>\n","protected":false},"author":2,"featured_media":10769,"comment_status":"closed","ping_status":"closed","sticky":false,"template":"","format":"standard","meta":{"footnotes":""},"categories":[196],"tags":[],"class_list":["post-10767","post","type-post","status-publish","format-standard","has-post-thumbnail","hentry","category-okoiskola"],"_links":{"self":[{"href":"http:\/\/fratersajolad.hu\/index.php?rest_route=\/wp\/v2\/posts\/10767","targetHints":{"allow":["GET"]}}],"collection":[{"href":"http:\/\/fratersajolad.hu\/index.php?rest_route=\/wp\/v2\/posts"}],"about":[{"href":"http:\/\/fratersajolad.hu\/index.php?rest_route=\/wp\/v2\/types\/post"}],"author":[{"embeddable":true,"href":"http:\/\/fratersajolad.hu\/index.php?rest_route=\/wp\/v2\/users\/2"}],"replies":[{"embeddable":true,"href":"http:\/\/fratersajolad.hu\/index.php?rest_route=%2Fwp%2Fv2%2Fcomments&post=10767"}],"version-history":[{"count":1,"href":"http:\/\/fratersajolad.hu\/index.php?rest_route=\/wp\/v2\/posts\/10767\/revisions"}],"predecessor-version":[{"id":10770,"href":"http:\/\/fratersajolad.hu\/index.php?rest_route=\/wp\/v2\/posts\/10767\/revisions\/10770"}],"wp:featuredmedia":[{"embeddable":true,"href":"http:\/\/fratersajolad.hu\/index.php?rest_route=\/wp\/v2\/media\/10769"}],"wp:attachment":[{"href":"http:\/\/fratersajolad.hu\/index.php?rest_route=%2Fwp%2Fv2%2Fmedia&parent=10767"}],"wp:term":[{"taxonomy":"category","embeddable":true,"href":"http:\/\/fratersajolad.hu\/index.php?rest_route=%2Fwp%2Fv2%2Fcategories&post=10767"},{"taxonomy":"post_tag","embeddable":true,"href":"http:\/\/fratersajolad.hu\/index.php?rest_route=%2Fwp%2Fv2%2Ftags&post=10767"}],"curies":[{"name":"wp","href":"https:\/\/api.w.org\/{rel}","templated":true}]}}